{"id":767,"date":"2026-04-22T14:30:27","date_gmt":"2026-04-22T14:30:27","guid":{"rendered":"https:\/\/ormenyobuda.hu\/?p=767"},"modified":"2026-04-22T14:30:27","modified_gmt":"2026-04-22T14:30:27","slug":"uj-lelkipasztor-szolgal-a-budapesti-ormeny-katolikus-kozossegben","status":"publish","type":"post","link":"https:\/\/ormenyobuda.hu\/hu_hu\/uj-lelkipasztor-szolgal-a-budapesti-ormeny-katolikus-kozossegben\/","title":{"rendered":"\u00daj lelkip\u00e1sztor szolg\u00e1l a budapesti \u00f6rm\u00e9ny katolikus k\u00f6z\u00f6ss\u00e9gben"},"content":{"rendered":"\n<p>\u00daj korszak vette kezdet\u00e9t a Budapesti \u00d6rm\u00e9ny Katolikus Lelk\u00e9szs\u00e9gen: 2025 augusztus\u00e1t\u00f3l Bedrosz Maraslj\u00e1n atya l\u00e1tja el a magyarorsz\u00e1gi \u00f6rm\u00e9ny katolikusok lelkip\u00e1sztori szolg\u00e1lat\u00e1t. A hivatalos bemutat\u00e1sra az Orlay utcai \u00f6rm\u00e9ny katolikus templomban ker\u00fclt sor.<\/p>\n\n\n\n<p>A vas\u00e1rnapi liturgi\u00e1k \u00f6rm\u00e9ny nyelven zajlanak, ugyanakkor a szentbesz\u00e9d magyarul is elhangzik, er\u0151s\u00edtve ezzel a k\u00f6z\u00f6ss\u00e9g nyitotts\u00e1g\u00e1t \u00e9s \u00f6sszetartoz\u00e1s\u00e1t.<\/p>\n\n\n\n<p><strong>Forr\u00e1s:<\/strong><br>\u2013 Magyar Kur\u00edr katolikus h\u00edrport\u00e1l <a href=\"https:\/\/www.magyarkurir.hu\/hirek\/uj-korszak-kezdodik-budapesti-ormeny-katolikus-lelkeszsegen\">[magyarkurir.hu]<\/a><\/p>\n\n\n\n<p>2025 \u0569\u057e\u0561\u056f\u0561\u0576\u056b \u0585\u0563\u0578\u057d\u057f\u0578\u057d\u056b\u0581 \u0532\u0578\u0582\u0564\u0561\u057a\u0565\u0577\u057f\u056b \u0570\u0561\u0575 \u056f\u0561\u0569\u0578\u0572\u056b\u056f\u0567 \u0570\u0561\u0574\u0561\u0575\u0576\u0584\u0568 \u0578\u0582\u0576\u056b \u0576\u0578\u0580 \u0570\u0578\u0563\u0587\u0578\u0580 \u0570\u0578\u057e\u056b\u057e\u055d \u0540\u0561\u0575\u0580 \u0532\u0565\u0564\u0580\u0578\u057d \u0544\u0561\u0580\u0561\u057d\u056c\u0575\u0561\u0576\u0568\u0589 \u0546\u0580\u0561 \u057a\u0561\u0577\u057f\u0578\u0576\u0561\u056f\u0561\u0576 \u0576\u0565\u0580\u056f\u0561\u0575\u0561\u0581\u0578\u0582\u0574\u0568 \u057f\u0565\u0572\u056b \u0578\u0582\u0576\u0565\u0581\u0561\u057e \u0555\u0580\u056c\u0561\u0575 \u0583\u0578\u0572\u0578\u0581\u056b \u0570\u0561\u0575 \u056f\u0561\u0569\u0578\u0572\u056b\u056f\u0567 \u057f\u0561\u0573\u0561\u0580\u0578\u0582\u0574\u0589<\/p>\n\n\n\n<p>\u053f\u056b\u0580\u0561\u056f\u0576\u0585\u0580\u0575\u0561 \u057a\u0561\u057f\u0561\u0580\u0561\u0563\u0576\u0565\u0580\u0568 \u0574\u0561\u057f\u0578\u0582\u0581\u057e\u0578\u0582\u0574 \u0565\u0576 \u0570\u0561\u0575\u0565\u0580\u0565\u0576, \u056b\u057d\u056f \u0584\u0561\u0580\u0578\u0566\u0568 \u0570\u0576\u0579\u0578\u0582\u0574 \u0567 \u0576\u0561\u0587 \u0570\u0578\u0582\u0576\u0563\u0561\u0580\u0565\u0580\u0565\u0576, \u0576\u057a\u0561\u057d\u057f\u0565\u056c\u0578\u057e \u0570\u0561\u0574\u0561\u0575\u0576\u0584\u056b \u0574\u056b\u0561\u057d\u0576\u0561\u056f\u0561\u0576 \u0587 \u0562\u0561\u0581 \u0570\u0578\u0563\u0587\u0578\u0580 \u056f\u0575\u0561\u0576\u0584\u056b\u0576\u0589<\/p>\n","protected":false},"excerpt":{"rendered":"<p>\u00daj korszak vette kezdet\u00e9t a Budapesti \u00d6rm\u00e9ny Katolikus Lelk\u00e9szs\u00e9gen: 2025 augusztus\u00e1t\u00f3l Bedrosz Maraslj\u00e1n atya l\u00e1tja el a magyarorsz\u00e1gi \u00f6rm\u00e9ny katolikusok lelkip\u00e1sztori szolg\u00e1lat\u00e1t. A hivatalos bemutat\u00e1sra az Orlay utcai \u00f6rm\u00e9ny katolikus [&hellip;]<\/p>\n","protected":false},"author":1,"featured_media":0,"comment_status":"closed","ping_status":"closed","sticky":false,"template":"","format":"standard","meta":{"site-sidebar-layout":"default","site-content-layout":"","ast-site-content-layout":"default","site-content-style":"default","site-sidebar-style":"default","ast-global-header-display":"","ast-banner-title-visibility":"","ast-main-header-display":"","ast-hfb-above-header-display":"","ast-hfb-below-header-display":"","ast-hfb-mobile-header-display":"","site-post-title":"","ast-breadcrumbs-content":"","ast-featured-img":"","footer-sml-layout":"","ast-disable-related-posts":"","theme-transparent-header-meta":"","adv-header-id-meta":"","stick-header-meta":"","header-above-stick-meta":"","header-main-stick-meta":"","header-below-stick-meta":"","astra-migrate-meta-layouts":"default","ast-page-background-enabled":"default","ast-page-background-meta":{"desktop":{"background-color":"var(--ast-global-color-5)","background-image":"","background-repeat":"repeat","background-position":"center center","background-size":"auto","background-attachment":"scroll","background-type":"","background-media":"","overlay-type":"","overlay-color":"","overlay-opacity":"","overlay-gradient":""},"tablet":{"background-color":"","background-image":"","background-repeat":"repeat","background-position":"center center","background-size":"auto","background-attachment":"scroll","background-type":"","background-media":"","overlay-type":"","overlay-color":"","overlay-opacity":"","overlay-gradient":""},"mobile":{"background-color":"","background-image":"","background-repeat":"repeat","background-position":"center center","background-size":"auto","background-attachment":"scroll","background-type":"","background-media":"","overlay-type":"","overlay-color":"","overlay-opacity":"","overlay-gradient":""}},"ast-content-background-meta":{"desktop":{"background-color":"var(--ast-global-color-4)","background-image":"","background-repeat":"repeat","background-position":"center center","background-size":"auto","background-attachment":"scroll","background-type":"","background-media":"","overlay-type":"","overlay-color":"","overlay-opacity":"","overlay-gradient":""},"tablet":{"background-color":"var(--ast-global-color-4)","background-image":"","background-repeat":"repeat","background-position":"center center","background-size":"auto","background-attachment":"scroll","background-type":"","background-media":"","overlay-type":"","overlay-color":"","overlay-opacity":"","overlay-gradient":""},"mobile":{"background-color":"var(--ast-global-color-4)","background-image":"","background-repeat":"repeat","background-position":"center center","background-size":"auto","background-attachment":"scroll","background-type":"","background-media":"","overlay-type":"","overlay-color":"","overlay-opacity":"","overlay-gradient":""}},"_price":"","_stock":"","_tribe_ticket_header":"","_tribe_default_ticket_provider":"","_tribe_ticket_capacity":"0","_ticket_start_date":"","_ticket_end_date":"","_tribe_ticket_show_description":"","_tribe_ticket_show_not_going":false,"_tribe_ticket_use_global_stock":"","_tribe_ticket_global_stock_level":"","_global_stock_mode":"","_global_stock_cap":"","_tribe_rsvp_for_event":"","_tribe_ticket_going_count":"","_tribe_ticket_not_going_count":"","_tribe_tickets_list":"[]","_tribe_ticket_has_attendee_info_fields":false,"footnotes":""},"categories":[38],"tags":[],"class_list":["post-767","post","type-post","status-publish","format-standard","hentry","category-vallas"],"_links":{"self":[{"href":"https:\/\/ormenyobuda.hu\/hu_hu\/wp-json\/wp\/v2\/posts\/767","targetHints":{"allow":["GET"]}}],"collection":[{"href":"https:\/\/ormenyobuda.hu\/hu_hu\/wp-json\/wp\/v2\/posts"}],"about":[{"href":"https:\/\/ormenyobuda.hu\/hu_hu\/wp-json\/wp\/v2\/types\/post"}],"author":[{"embeddable":true,"href":"https:\/\/ormenyobuda.hu\/hu_hu\/wp-json\/wp\/v2\/users\/1"}],"replies":[{"embeddable":true,"href":"https:\/\/ormenyobuda.hu\/hu_hu\/wp-json\/wp\/v2\/comments?post=767"}],"version-history":[{"count":1,"href":"https:\/\/ormenyobuda.hu\/hu_hu\/wp-json\/wp\/v2\/posts\/767\/revisions"}],"predecessor-version":[{"id":768,"href":"https:\/\/ormenyobuda.hu\/hu_hu\/wp-json\/wp\/v2\/posts\/767\/revisions\/768"}],"wp:attachment":[{"href":"https:\/\/ormenyobuda.hu\/hu_hu\/wp-json\/wp\/v2\/media?parent=767"}],"wp:term":[{"taxonomy":"category","embeddable":true,"href":"https:\/\/ormenyobuda.hu\/hu_hu\/wp-json\/wp\/v2\/categories?post=767"},{"taxonomy":"post_tag","embeddable":true,"href":"https:\/\/ormenyobuda.hu\/hu_hu\/wp-json\/wp\/v2\/tags?post=767"}],"curies":[{"name":"wp","href":"https:\/\/api.w.org\/{rel}","templated":true}]}}