{"id":761,"date":"2026-04-13T13:41:00","date_gmt":"2026-04-13T13:41:00","guid":{"rendered":"https:\/\/ormenyobuda.hu\/?p=761"},"modified":"2026-04-22T10:42:50","modified_gmt":"2026-04-22T10:42:50","slug":"akopjan-nikogosz-orszaggyules-ormeny-nemzetisegi-szoszolo-bejegyzese","status":"publish","type":"post","link":"https:\/\/ormenyobuda.hu\/hy\/akopjan-nikogosz-orszaggyules-ormeny-nemzetisegi-szoszolo-bejegyzese\/","title":{"rendered":"Akopjan Nikogosz &#8211; Orsz\u00e1ggy\u0171l\u00e9s, \u00d6rm\u00e9ny Nemzetis\u00e9gi Sz\u00f3sz\u00f3l\u00f3 bejegyz\u00e9se"},"content":{"rendered":"<p>K\u00f6sz\u00f6nj\u00fck \u00f6rm\u00e9ny nemzetis\u00e9g\u0171 honfit\u00e1rsainknak a v\u00e1laszt\u00e1sokon t\u00f6rt\u00e9n\u0151 r\u00e9szv\u00e9tel\u00e9t \u00e9s bizalm\u00e1t. Felhatalmaz\u00e1sukkal folytatjuk a megkezdett munk\u00e1t k\u00f6z\u00f6ss\u00e9g\u00fcnk\u00e9rt, kultur\u00e1lis \u00f6r\u00f6ks\u00e9g\u00fcnk meg\u0151rz\u00e9s\u00e9\u00e9rt Magyarorsz\u00e1g megv\u00e1lasztott, leend\u0151 korm\u00e1ny\u00e1val \u00e9s nemzetis\u00e9gi sz\u00f3sz\u00f3l\u00f3ival egy\u00fcttm\u0171k\u00f6dve. Gratul\u00e1lunk a gy\u0151zteseknek, egyben megk\u00f6sz\u00f6nj\u00fck az elm\u00falt \u00e9vtizedek nemzetis\u00e9geket t\u00e1mogat\u00f3 korm\u00e1nyzati munk\u00e1j\u00e1t. A magyarorsz\u00e1gi v\u00e1laszt\u00e1sokat k\u00f6vet\u0151en nemzetis\u00e9geinkre fontos szerep \u00e9s felel\u0151ss\u00e9g h\u00e1rul a megb\u00e9k\u00e9l\u00e9s \u00e9s egym\u00e1s elfogad\u00e1s\u00e1nak tekintet\u00e9ben.<\/p>\n\n\n\n<figure class=\"wp-block-image size-full\"><img loading=\"lazy\" decoding=\"async\" width=\"760\" height=\"811\" src=\"https:\/\/ormenyobuda.hu\/wp-content\/uploads\/2026\/04\/image-3.png\" alt=\"\" class=\"wp-image-762\" srcset=\"https:\/\/ormenyobuda.hu\/wp-content\/uploads\/2026\/04\/image-3.png 760w, https:\/\/ormenyobuda.hu\/wp-content\/uploads\/2026\/04\/image-3-281x300.png 281w, https:\/\/ormenyobuda.hu\/wp-content\/uploads\/2026\/04\/image-3-11x12.png 11w\" sizes=\"auto, (max-width: 760px) 100vw, 760px\" \/><\/figure>","protected":false},"excerpt":{"rendered":"<p>K\u00f6sz\u00f6nj\u00fck \u00f6rm\u00e9ny nemzetis\u00e9g\u0171 honfit\u00e1rsainknak a v\u00e1laszt\u00e1sokon t\u00f6rt\u00e9n\u0151 r\u00e9szv\u00e9tel\u00e9t \u00e9s bizalm\u00e1t. Felhatalmaz\u00e1sukkal folytatjuk a megkezdett munk\u00e1t k\u00f6z\u00f6ss\u00e9g\u00fcnk\u00e9rt, kultur\u00e1lis \u00f6r\u00f6ks\u00e9g\u00fcnk meg\u0151rz\u00e9s\u00e9\u00e9rt Magyarorsz\u00e1g megv\u00e1lasztott, leend\u0151 korm\u00e1ny\u00e1val \u00e9s nemzetis\u00e9gi sz\u00f3sz\u00f3l\u00f3ival egy\u00fcttm\u0171k\u00f6dve. Gratul\u00e1lunk a gy\u0151zteseknek, [&hellip;]<\/p>\n","protected":false},"author":1,"featured_media":0,"comment_status":"closed","ping_status":"closed","sticky":false,"template":"","format":"standard","meta":{"site-sidebar-layout":"default","site-content-layout":"","ast-site-content-layout":"default","site-content-style":"default","site-sidebar-style":"default","ast-global-header-display":"","ast-banner-title-visibility":"","ast-main-header-display":"","ast-hfb-above-header-display":"","ast-hfb-below-header-display":"","ast-hfb-mobile-header-display":"","site-post-title":"","ast-breadcrumbs-content":"","ast-featured-img":"","footer-sml-layout":"","ast-disable-related-posts":"","theme-transparent-header-meta":"","adv-header-id-meta":"","stick-header-meta":"","header-above-stick-meta":"","header-main-stick-meta":"","header-below-stick-meta":"","astra-migrate-meta-layouts":"default","ast-page-background-enabled":"default","ast-page-background-meta":{"desktop":{"background-color":"var(--ast-global-color-5)","background-image":"","background-repeat":"repeat","background-position":"center center","background-size":"auto","background-attachment":"scroll","background-type":"","background-media":"","overlay-type":"","overlay-color":"","overlay-opacity":"","overlay-gradient":""},"tablet":{"background-color":"","background-image":"","background-repeat":"repeat","background-position":"center center","background-size":"auto","background-attachment":"scroll","background-type":"","background-media":"","overlay-type":"","overlay-color":"","overlay-opacity":"","overlay-gradient":""},"mobile":{"background-color":"","background-image":"","background-repeat":"repeat","background-position":"center center","background-size":"auto","background-attachment":"scroll","background-type":"","background-media":"","overlay-type":"","overlay-color":"","overlay-opacity":"","overlay-gradient":""}},"ast-content-background-meta":{"desktop":{"background-color":"var(--ast-global-color-4)","background-image":"","background-repeat":"repeat","background-position":"center center","background-size":"auto","background-attachment":"scroll","background-type":"","background-media":"","overlay-type":"","overlay-color":"","overlay-opacity":"","overlay-gradient":""},"tablet":{"background-color":"var(--ast-global-color-4)","background-image":"","background-repeat":"repeat","background-position":"center center","background-size":"auto","background-attachment":"scroll","background-type":"","background-media":"","overlay-type":"","overlay-color":"","overlay-opacity":"","overlay-gradient":""},"mobile":{"background-color":"var(--ast-global-color-4)","background-image":"","background-repeat":"repeat","background-position":"center center","background-size":"auto","background-attachment":"scroll","background-type":"","background-media":"","overlay-type":"","overlay-color":"","overlay-opacity":"","overlay-gradient":""}},"_price":"","_stock":"","_tribe_ticket_header":"","_tribe_default_ticket_provider":"","_tribe_ticket_capacity":"0","_ticket_start_date":"","_ticket_end_date":"","_tribe_ticket_show_description":"","_tribe_ticket_show_not_going":false,"_tribe_ticket_use_global_stock":"","_tribe_ticket_global_stock_level":"","_global_stock_mode":"","_global_stock_cap":"","_tribe_rsvp_for_event":"","_tribe_ticket_going_count":"","_tribe_ticket_not_going_count":"","_tribe_tickets_list":"[]","_tribe_ticket_has_attendee_info_fields":false,"footnotes":""},"categories":[1],"tags":[],"class_list":["post-761","post","type-post","status-publish","format-standard","hentry","category-egyeb"],"_links":{"self":[{"href":"https:\/\/ormenyobuda.hu\/hy\/wp-json\/wp\/v2\/posts\/761","targetHints":{"allow":["GET"]}}],"collection":[{"href":"https:\/\/ormenyobuda.hu\/hy\/wp-json\/wp\/v2\/posts"}],"about":[{"href":"https:\/\/ormenyobuda.hu\/hy\/wp-json\/wp\/v2\/types\/post"}],"author":[{"embeddable":true,"href":"https:\/\/ormenyobuda.hu\/hy\/wp-json\/wp\/v2\/users\/1"}],"replies":[{"embeddable":true,"href":"https:\/\/ormenyobuda.hu\/hy\/wp-json\/wp\/v2\/comments?post=761"}],"version-history":[{"count":2,"href":"https:\/\/ormenyobuda.hu\/hy\/wp-json\/wp\/v2\/posts\/761\/revisions"}],"predecessor-version":[{"id":764,"href":"https:\/\/ormenyobuda.hu\/hy\/wp-json\/wp\/v2\/posts\/761\/revisions\/764"}],"wp:attachment":[{"href":"https:\/\/ormenyobuda.hu\/hy\/wp-json\/wp\/v2\/media?parent=761"}],"wp:term":[{"taxonomy":"category","embeddable":true,"href":"https:\/\/ormenyobuda.hu\/hy\/wp-json\/wp\/v2\/categories?post=761"},{"taxonomy":"post_tag","embeddable":true,"href":"https:\/\/ormenyobuda.hu\/hy\/wp-json\/wp\/v2\/tags?post=761"}],"curies":[{"name":"wp","href":"https:\/\/api.w.org\/{rel}","templated":true}]}}